{"id":348590,"date":"2018-06-22T12:00:35","date_gmt":"2018-06-22T10:00:35","guid":{"rendered":"http:\/\/www.opotager.fr\/?p=348590"},"modified":"2018-06-22T14:09:07","modified_gmt":"2018-06-22T12:09:07","slug":"cest-officiel-opotager-est-lance","status":"publish","type":"post","link":"https:\/\/www.opotager.fr\/index.php\/2018\/06\/22\/cest-officiel-opotager-est-lance\/","title":{"rendered":"C\u2019est officiel \u00d4potager est lanc\u00e9 !"},"content":{"rendered":"<p><strong>Savez-vous planter des choux ?<\/strong><\/p>\n<p>Oui ? Non ? Un peu ? Avec les mains ? Les pieds ? Le nez peut \u00eatre ?<\/p>\n<p>Et si finalement pour les faire pousser et les d\u00e9guster on s\u2019y mettait \u00e0 plusieurs ?<\/p>\n<p>Et si EN PLUS cela permettait de cr\u00e9er du lien, du lien durable ?<\/p>\n<p>\u00d4potager propose c\u2019est un service de co-cr\u00e9ation et d\u2019animation de \u00ab\u00a0potagers coop\u00e9ratifs\u00a0\u00bb, associant entreprises et diff\u00e9rents acteurs pr\u00e9sents sur un territoire local pour faciliter la coop\u00e9ration locale<\/p>\n<p><strong>Comment ??? Cr\u00e9er du lien\u2026 avec un \u00ab\u00a0potager coop\u00e9ratif\u00a0\u00bb ?<\/strong><\/p>\n<p>ET oui gr\u00e2ce au \u00ab\u00a0potager coop\u00e9ratif\u00a0\u00bb on peut cr\u00e9er du lien :<br \/>\nDu lien avec une alimentation plus saine\/ plus durable\/ plus s\u00fbre et du lien avec la nature (saisons, biodiversit\u00e9\u2026), tout en agissant concr\u00e8tement ET maintenant \u00e0 la pr\u00e9servation de notre environnement et de la biodiversit\u00e9.<\/p>\n<p>Mais le \u00ab\u00a0potager coop\u00e9ratif\u00a0\u00bb ne s\u2019arr\u00eate pas l\u00e0 ! Il va encore plus loin dans la cr\u00e9ation de lien : comme il est co-cr\u00e9\u00e9 et entretenu par les collaborateurs d\u2019une ou plusieurs entreprise\u00b7s et les acteurs de l\u2019environnement local, il facilite aussi le d\u00e9veloppement des \u00e9changes sociaux et \u00e9conomiques locaux&#8230;<\/p>\n<p>&nbsp;<\/p>\n<p><strong>Alors, partant\u00b7e\u00b7s pour c\u00d4potager ???<\/strong><\/p>\n","protected":false},"excerpt":{"rendered":"<p>Savez-vous planter des choux ? Oui ? Non ? Un peu ? Avec les mains ? Les pieds ? Le nez peut \u00eatre ? Et si finalement pour les faire pousser et les d\u00e9guster on s\u2019y mettait \u00e0 plusieurs ? Et si EN PLUS cela&#8230;<\/p>\n","protected":false},"author":1,"featured_media":348633,"comment_status":"open","ping_status":"open","sticky":false,"template":"","format":"standard","meta":{"jetpack_post_was_ever_published":false,"_jetpack_newsletter_access":"","_jetpack_dont_email_post_to_subs":false,"_jetpack_newsletter_tier_id":0,"_jetpack_memberships_contains_paywalled_content":false,"_jetpack_memberships_contains_paid_content":false,"footnotes":"","jetpack_publicize_message":"","jetpack_publicize_feature_enabled":true,"jetpack_social_post_already_shared":false,"jetpack_social_options":{"image_generator_settings":{"template":"highway","default_image_id":0,"font":"","enabled":false},"version":2}},"categories":[234],"tags":[244,245,238,241,243,237,236,239,242,246,240],"class_list":["post-348590","post","type-post","status-publish","format-standard","has-post-thumbnail","hentry","category-projets-et-experimentations","tag-biodiversite","tag-developpement-durable","tag-echanges","tag-efficacite-collective","tag-environnement","tag-lien-economique","tag-lien-social","tag-partage","tag-potager-cooperatif","tag-qualite-de-vie-au-travail","tag-rse"],"jetpack_publicize_connections":[],"jetpack_featured_media_url":"https:\/\/www.opotager.fr\/wp-content\/uploads\/2018\/06\/Logo-opotager-anim\u00e9.gif","jetpack_sharing_enabled":true,"jetpack_shortlink":"https:\/\/wp.me\/pa0zvS-1sGq","jetpack_likes_enabled":true,"_links":{"self":[{"href":"https:\/\/www.opotager.fr\/index.php\/wp-json\/wp\/v2\/posts\/348590","targetHints":{"allow":["GET"]}}],"collection":[{"href":"https:\/\/www.opotager.fr\/index.php\/wp-json\/wp\/v2\/posts"}],"about":[{"href":"https:\/\/www.opotager.fr\/index.php\/wp-json\/wp\/v2\/types\/post"}],"author":[{"embeddable":true,"href":"https:\/\/www.opotager.fr\/index.php\/wp-json\/wp\/v2\/users\/1"}],"replies":[{"embeddable":true,"href":"https:\/\/www.opotager.fr\/index.php\/wp-json\/wp\/v2\/comments?post=348590"}],"version-history":[{"count":6,"href":"https:\/\/www.opotager.fr\/index.php\/wp-json\/wp\/v2\/posts\/348590\/revisions"}],"predecessor-version":[{"id":348626,"href":"https:\/\/www.opotager.fr\/index.php\/wp-json\/wp\/v2\/posts\/348590\/revisions\/348626"}],"wp:featuredmedia":[{"embeddable":true,"href":"https:\/\/www.opotager.fr\/index.php\/wp-json\/wp\/v2\/media\/348633"}],"wp:attachment":[{"href":"https:\/\/www.opotager.fr\/index.php\/wp-json\/wp\/v2\/media?parent=348590"}],"wp:term":[{"taxonomy":"category","embeddable":true,"href":"https:\/\/www.opotager.fr\/index.php\/wp-json\/wp\/v2\/categories?post=348590"},{"taxonomy":"post_tag","embeddable":true,"href":"https:\/\/www.opotager.fr\/index.php\/wp-json\/wp\/v2\/tags?post=348590"}],"curies":[{"name":"wp","href":"https:\/\/api.w.org\/{rel}","templated":true}]}}