{"id":348643,"date":"2018-06-26T16:00:39","date_gmt":"2018-06-26T14:00:39","guid":{"rendered":"http:\/\/www.opotager.fr\/?p=348643"},"modified":"2018-06-29T09:02:42","modified_gmt":"2018-06-29T07:02:42","slug":"opotager-bientot-a-la-terrasse-des-canaux-2","status":"publish","type":"post","link":"https:\/\/www.opotager.fr\/index.php\/2018\/06\/26\/opotager-bientot-a-la-terrasse-des-canaux-2\/","title":{"rendered":"Participation \u00e0 la terrasse des canaux ? Le mind mapping s&rsquo;impose pour \u00d4potager !!!"},"content":{"rendered":"<h3>Car pour imaginer un stand et faire pousser des id\u00e9es, le \u00ab\u00a0mind mapping\u00a0\u00bb c&rsquo;est l&rsquo;outil id\u00e9al !<\/h3>\n<p>&nbsp;<\/p>\n<p>Paris 2024 oblige, <strong>la maison des canaux pr\u00e9pare les jeux solidaires et inclusifs,\u00a0<\/strong>\u00d4potager se devait aussi d\u2019imaginer comment accompagner, \u00e0 sa mani\u00e8re, cette belle dynamique\u2026<\/p>\n<p>Et dans ce contexte, comment faciliter l\u2019imagination, la cr\u00e9ativit\u00e9, respecter les contraintes, sans se perdre dans les d\u00e9tails ni se laisser d\u00e9border ???<\/p>\n<p>Le <strong>mind mapping ou carte mentale<\/strong> permet souvent de d\u00e9tricoter des situations compliqu\u00e9es de prime abord, et laisse sa part belle \u00e0 l\u2019imagination, en faisant appel aux deux h\u00e9misph\u00e8res de notre cerveau :<\/p>\n<ul>\n<li>gauche : ordre, logique, linguistique\u2026<\/li>\n<li>droit : images, \u00e9motions, ressentis\u2026<\/li>\n<\/ul>\n<p>Seul\u00b7e ou \u00e0 plusieurs c\u2019est un outil efficace, pour exprimer des besoins, cadrer un projet, imaginer de nouvelles fonctionnalit\u00e9s \u00e0 un produit, organiser un \u00e9v\u00e9nement, prendre des notes\u2026 et m\u00eame faire pousser un potager coop\u00e9ratif sur un stand de 2m2 !<\/p>\n<p><a href=\"http:\/\/www.opotager.fr\/index.php\/2018\/06\/28\/du-12-au-15-juillet-on-copotage-a-la-terrasse-des-canaux\/\"><strong>A utiliser sans mod\u00e9ration dans nos organisations et dans nos vies !!!\u00a0<\/strong><strong>Et pour voi<\/strong><strong>r le r\u00e9sultat, c&rsquo;est par ici &#8230;<\/strong><\/a><\/p>\n<p>&nbsp;<\/p>\n<h3>INFOS PRATIQUES<\/h3>\n<ul>\n<li>La terrasse des canaux c\u2019est du 7 juillet au 6 septembre, soit tout un \u00e9t\u00e9 pour d\u00e9couvrir des initiatives durables et solidaires, plus d\u2019infos par ici : <a href=\"https:\/\/www.facebook.com\/events\/1911698832442912\/\">https:\/\/www.facebook.com\/events\/1911698832442912\/<\/a><\/li>\n<li>La maison des canaux : 6 quai de la Seine, 75019 &#8211; M\u00e9tro : Stalingrad \/ Jaur\u00e8s<\/li>\n<li><strong>Le d\u00e9fi \u00ab\u00a0\u00d4potager des sportifs olympiques\u00a0\u00bb c\u2019est du 12 au 14 juillet, soit 4 j<\/strong><strong>ours<\/strong>\u00a0(et pas un de plus) pour : \u00a0en savoir plus sur \u00d4potager, ET participer \u00e0 un d\u00e9fi incroyable\u2026<\/li>\n<li><a href=\"http:\/\/www.opotager.fr\/index.php\/2018\/06\/28\/du-12-au-15-juillet-on-copotage-a-la-terrasse-des-canaux\/\">Pour d\u00e9couvrir les r\u00e8gles du d\u00e9fi, c&rsquo;est par l\u00e0 !!!<\/a><\/li>\n<\/ul>\n","protected":false},"excerpt":{"rendered":"<p>Car pour imaginer un stand et faire pousser des id\u00e9es, le \u00ab\u00a0mind mapping\u00a0\u00bb c&rsquo;est l&rsquo;outil id\u00e9al ! &nbsp; Paris 2024 oblige, la maison des canaux pr\u00e9pare les jeux solidaires et inclusifs,\u00a0\u00d4potager se devait aussi d\u2019imaginer comment accompagner, \u00e0 sa mani\u00e8re, cette belle dynamique\u2026 Et dans&#8230;<\/p>\n","protected":false},"author":1,"featured_media":348635,"comment_status":"open","ping_status":"open","sticky":false,"template":"","format":"standard","meta":{"jetpack_post_was_ever_published":false,"_jetpack_newsletter_access":"","_jetpack_dont_email_post_to_subs":false,"_jetpack_newsletter_tier_id":0,"_jetpack_memberships_contains_paywalled_content":false,"_jetpack_memberships_contains_paid_content":false,"footnotes":"","jetpack_publicize_message":"","jetpack_publicize_feature_enabled":true,"jetpack_social_post_already_shared":true,"jetpack_social_options":{"image_generator_settings":{"template":"highway","default_image_id":0,"font":"","enabled":false},"version":2}},"categories":[234],"tags":[248,249,252,245,238,241,243,253,237,236,247,251,239,242,250,246,256,240],"class_list":["post-348643","post","type-post","status-publish","format-standard","has-post-thumbnail","hentry","category-projets-et-experimentations","tag-carte-heuristique","tag-carte-mentale","tag-creativite","tag-developpement-durable","tag-echanges","tag-efficacite-collective","tag-environnement","tag-equipe","tag-lien-economique","tag-lien-social","tag-mind-map","tag-organisation","tag-partage","tag-potager-cooperatif","tag-projet","tag-qualite-de-vie-au-travail","tag-recul","tag-rse"],"jetpack_publicize_connections":[],"jetpack_featured_media_url":"https:\/\/www.opotager.fr\/wp-content\/uploads\/2018\/06\/MindMap-opotager-des-sportifs-olympiques.png","jetpack_sharing_enabled":true,"jetpack_shortlink":"https:\/\/wp.me\/pa0zvS-1sHh","jetpack_likes_enabled":true,"_links":{"self":[{"href":"https:\/\/www.opotager.fr\/index.php\/wp-json\/wp\/v2\/posts\/348643","targetHints":{"allow":["GET"]}}],"collection":[{"href":"https:\/\/www.opotager.fr\/index.php\/wp-json\/wp\/v2\/posts"}],"about":[{"href":"https:\/\/www.opotager.fr\/index.php\/wp-json\/wp\/v2\/types\/post"}],"author":[{"embeddable":true,"href":"https:\/\/www.opotager.fr\/index.php\/wp-json\/wp\/v2\/users\/1"}],"replies":[{"embeddable":true,"href":"https:\/\/www.opotager.fr\/index.php\/wp-json\/wp\/v2\/comments?post=348643"}],"version-history":[{"count":14,"href":"https:\/\/www.opotager.fr\/index.php\/wp-json\/wp\/v2\/posts\/348643\/revisions"}],"predecessor-version":[{"id":348846,"href":"https:\/\/www.opotager.fr\/index.php\/wp-json\/wp\/v2\/posts\/348643\/revisions\/348846"}],"wp:featuredmedia":[{"embeddable":true,"href":"https:\/\/www.opotager.fr\/index.php\/wp-json\/wp\/v2\/media\/348635"}],"wp:attachment":[{"href":"https:\/\/www.opotager.fr\/index.php\/wp-json\/wp\/v2\/media?parent=348643"}],"wp:term":[{"taxonomy":"category","embeddable":true,"href":"https:\/\/www.opotager.fr\/index.php\/wp-json\/wp\/v2\/categories?post=348643"},{"taxonomy":"post_tag","embeddable":true,"href":"https:\/\/www.opotager.fr\/index.php\/wp-json\/wp\/v2\/tags?post=348643"}],"curies":[{"name":"wp","href":"https:\/\/api.w.org\/{rel}","templated":true}]}}