{"id":348870,"date":"2018-07-20T13:06:02","date_gmt":"2018-07-20T11:06:02","guid":{"rendered":"http:\/\/www.opotager.fr\/?p=348870"},"modified":"2018-07-20T14:26:17","modified_gmt":"2018-07-20T12:26:17","slug":"opotager-a-la-terrasse-des-canaux-le-bilan-en-quelques-chiffres","status":"publish","type":"post","link":"https:\/\/www.opotager.fr\/index.php\/2018\/07\/20\/opotager-a-la-terrasse-des-canaux-le-bilan-en-quelques-chiffres\/","title":{"rendered":"\u00d4potager \u00e0 la terrasse des canaux : le bilan en quelques chiffres !"},"content":{"rendered":"<p>Faire pousser un mini potager coop\u00e9ratif sur 4 jours et 2m2 c\u2019est possible ! Le \u00ab D\u00e9fi \u00d4potager des sportifs olympiques \u00bb s&rsquo;est achev\u00e9 le jour de la victoire des bleus (un signe ?).<\/p>\n<p>&nbsp;<\/p>\n<h3>Et si on faisait un bilan sur ce d\u00e9fi potagesque en quelques chiffres ?<\/h3>\n<p>&nbsp;<\/p>\n<ul>\n<li><strong>5<\/strong> pour 5 anneaux, 5 continents, 5 pots de mastic r\u00e9cup\u00e9r\u00e9s-nettoy\u00e9s-repeints, 5 pots pour le mini-potager olympique !<span class=\"Apple-converted-space\">\u00a0<\/span><\/li>\n<li><strong>16<\/strong> vari\u00e9t\u00e9s originaires des diff\u00e9rents continents olympique ET n\u00e9cessaires \u00e0 l&rsquo;alimentation (\u00e9quilibr\u00e9e) d&rsquo;un sportif. 16 vari\u00e9t\u00e9s sem\u00e9es et plant\u00e9es <strong>ensemble<\/strong> (mais, bl\u00e9, soja, pois chiche, fraises, courge, banane, basilic, lentilles, radis, roquette, laitue, haricots verts, pommes de terre, tournesol, pamplemousse)<\/li>\n<li><strong>4<\/strong> pour 4R (R\u00e9duire, R\u00e9utiliser, Recycler, r\u00e9parer) et 4 jours de d\u00e9fis<\/li>\n<li><strong>54<\/strong> petits et grands <strong>c\u00d4potageurs embarqu\u00e9s dans cette aventure<\/strong><\/li>\n<li><strong>142<\/strong> personnes <strong>formidables<\/strong> rencontr\u00e9es (on en oublie surement&#8230;)<\/li>\n<li><strong>1000<\/strong> mercis \u00e0 la <a href=\"http:\/\/lescanaux.com\" target=\"_blank\" rel=\"noopener\"><strong>maison des canaux<\/strong><\/a> (l\u00e0 aussi on en oublie tr\u00e8s certainement)<\/li>\n<li><strong>3<\/strong> plaques de contreplaqu\u00e9 <strong>sauv\u00e9es de la d\u00e9chetterie<\/strong> pour fabriquer les 16 ardoises n\u00e9cessaires aux diff\u00e9rentes animations et \u00e0 la signal\u00e9tique du stand<\/li>\n<li><strong>0<\/strong> animal maltrait\u00e9 pour <strong>faire pousser des prot\u00e9ines<\/strong><\/li>\n<li><strong>2000<\/strong> <strong>vers de terre estim\u00e9s<\/strong>, qui oeuvrent dans l\u2019ombre du mini potager olympique<\/li>\n<li><strong>85<\/strong> kg de m\u00e9lange de <strong>terreau<\/strong>, de <strong>compost<\/strong> de jardin et de <strong>lombricompost<\/strong><\/li>\n<li><strong>2<\/strong> \u00e9changes en anglais pour faire aussi pousser des graines <strong>un peu plus loin de nous<\/strong><\/li>\n<li><strong>10<\/strong> <strong>initiatives inspirantes d\u00e9couvertes<\/strong> <a href=\"https:\/\/www.facebook.com\/hempyfamily\/\" target=\"_blank\" rel=\"noopener\">Hempy Family<\/a>, <a href=\"http:\/\/www.be-awesome.fr\" target=\"_blank\" rel=\"noopener\">Collectif Be Awesome<\/a>, <a href=\"http:\/\/www.asterya.eu\">Asterya<\/a>, <a href=\"https:\/\/www.instagram.com\/surfghana\/\">Surf Ghana<\/a>, <a href=\"https:\/\/www.auroyaumedesdattes.com\">Au Royaume des Dattes<\/a>, <a href=\"https:\/\/www.facebook.com\/labelrecup\/\">LaBel ReCuP<\/a>, <a href=\"http:\/\/www.platan.fr\">Platan<\/a>, Kad\u00e9, Zampo, <a href=\"https:\/\/www.facebook.com\/lacuisinedumondeacote\">Mam\u2019ayoka<\/a>\u2026<\/li>\n<li><strong>115<\/strong> sachets de <strong>graines \u00e0 germer<\/strong> distribu\u00e9es pour commencer maintenant tout de suite et partout un d\u00e9but de production alimentaire personnelle <a href=\"http:\/\/www.opotager.fr\/index.php\/2018\/07\/11\/mes-graines-a-germer-mode-demploi\/\" target=\"_blank\" rel=\"noopener\">(mode d\u2019emploi par ici)<\/a><\/li>\n<li><strong>1<\/strong> <strong>illustrateur talentueux<\/strong> <a href=\"https:\/\/www.instagram.com\/dafamousbonzai\/\">@DafamousBonza\u00ef<\/a><\/li>\n<li><b>\u221e<\/b>\u00a0sourires, partage, bonne humeur, respect et enthousiasme<\/li>\n<\/ul>\n<p>&nbsp;<\/p>\n<h3>Le D\u00e9fi \u00ab\u00a0\u00d4potager des sportifs olympiques\u00a0\u00bb c\u2019\u00e9tait \u00ab\u00a0juste\u00a0\u00bb sur 4 jours et 2m2&#8230;<\/h3>\n<h4><\/h4>\n<h4>Imaginez le champ des possibles dans votre entreprise, votre association, votre quartier&#8230;, si on s\u2019y met tout\u00b7e\u00b7s ensemble ?<\/h4>\n<h4><\/h4>\n<p><a href=\"http:\/\/www.opotager.fr\/\" target=\"_blank\" rel=\"noopener\">Alors envie de c\u00d4potager ???<\/a><\/p>\n<p>&nbsp;<\/p>\n<h3>La terrasse des canaux est en place tout l&rsquo;\u00e9t\u00e9&#8230;<\/h3>\n<p>&nbsp;<\/p>\n<p>Le \u00ab D\u00e9fi \u00d4potager des sportifs olympiques \u00bb c&rsquo;est fini&#8230; Mais la terrasse des canaux reste ouverte jusqu&rsquo;au 6 septembre. Elle n\u2019attend que vous\u00a0pour un programme\u00a0riche en initiatives durables et solidaires :<\/p>\n<ul>\n<li>Plus d\u2019infos par l\u00e0 : <a href=\"https:\/\/www.facebook.com\/events\/1911698832442912\/\">https:\/\/www.facebook.com\/events\/1911698832442912\/<\/a><\/li>\n<li>La maison des canaux : 6 quai de la Seine, 75019 &#8211; M\u00e9tro : Stalingrad \/ Jaur\u00e8s<\/li>\n<\/ul>\n","protected":false},"excerpt":{"rendered":"<p>Faire pousser un mini potager coop\u00e9ratif sur 4 jours et 2m2 c\u2019est possible ! Le \u00ab D\u00e9fi \u00d4potager des sportifs olympiques \u00bb s&rsquo;est achev\u00e9 le jour de la victoire des bleus (un signe ?). &nbsp; Et si on faisait un bilan sur ce d\u00e9fi potagesque&#8230;<\/p>\n","protected":false},"author":1,"featured_media":348876,"comment_status":"open","ping_status":"open","sticky":false,"template":"","format":"standard","meta":{"jetpack_post_was_ever_published":false,"_jetpack_newsletter_access":"","_jetpack_dont_email_post_to_subs":false,"_jetpack_newsletter_tier_id":0,"_jetpack_memberships_contains_paywalled_content":false,"_jetpack_memberships_contains_paid_content":false,"footnotes":"","jetpack_publicize_message":"","jetpack_publicize_feature_enabled":true,"jetpack_social_post_already_shared":true,"jetpack_social_options":{"image_generator_settings":{"template":"highway","default_image_id":0,"font":"","enabled":false},"version":2}},"categories":[234],"tags":[260,252,257,245,261,238,241,243,253,259,236,239,242,250,256,240,258],"class_list":["post-348870","post","type-post","status-publish","format-standard","has-post-thumbnail","hentry","category-projets-et-experimentations","tag-alimentation","tag-creativite","tag-defi","tag-developpement-durable","tag-durable","tag-echanges","tag-efficacite-collective","tag-environnement","tag-equipe","tag-jeux-olympiques","tag-lien-social","tag-partage","tag-potager-cooperatif","tag-projet","tag-recul","tag-rse","tag-sport"],"jetpack_publicize_connections":[],"jetpack_featured_media_url":"https:\/\/www.opotager.fr\/wp-content\/uploads\/2018\/07\/bilan-la-terrasse-des-canaux.png","jetpack_sharing_enabled":true,"jetpack_shortlink":"https:\/\/wp.me\/pa0zvS-1sKW","jetpack_likes_enabled":true,"_links":{"self":[{"href":"https:\/\/www.opotager.fr\/index.php\/wp-json\/wp\/v2\/posts\/348870","targetHints":{"allow":["GET"]}}],"collection":[{"href":"https:\/\/www.opotager.fr\/index.php\/wp-json\/wp\/v2\/posts"}],"about":[{"href":"https:\/\/www.opotager.fr\/index.php\/wp-json\/wp\/v2\/types\/post"}],"author":[{"embeddable":true,"href":"https:\/\/www.opotager.fr\/index.php\/wp-json\/wp\/v2\/users\/1"}],"replies":[{"embeddable":true,"href":"https:\/\/www.opotager.fr\/index.php\/wp-json\/wp\/v2\/comments?post=348870"}],"version-history":[{"count":7,"href":"https:\/\/www.opotager.fr\/index.php\/wp-json\/wp\/v2\/posts\/348870\/revisions"}],"predecessor-version":[{"id":348879,"href":"https:\/\/www.opotager.fr\/index.php\/wp-json\/wp\/v2\/posts\/348870\/revisions\/348879"}],"wp:featuredmedia":[{"embeddable":true,"href":"https:\/\/www.opotager.fr\/index.php\/wp-json\/wp\/v2\/media\/348876"}],"wp:attachment":[{"href":"https:\/\/www.opotager.fr\/index.php\/wp-json\/wp\/v2\/media?parent=348870"}],"wp:term":[{"taxonomy":"category","embeddable":true,"href":"https:\/\/www.opotager.fr\/index.php\/wp-json\/wp\/v2\/categories?post=348870"},{"taxonomy":"post_tag","embeddable":true,"href":"https:\/\/www.opotager.fr\/index.php\/wp-json\/wp\/v2\/tags?post=348870"}],"curies":[{"name":"wp","href":"https:\/\/api.w.org\/{rel}","templated":true}]}}