{"id":348882,"date":"2018-09-03T12:11:29","date_gmt":"2018-09-03T10:11:29","guid":{"rendered":"http:\/\/www.opotager.fr\/?p=348882"},"modified":"2018-09-03T12:18:34","modified_gmt":"2018-09-03T10:18:34","slug":"4-bonnes-raisons-de-faire-pousser-un-potager-cooperatif-a-la-rentree","status":"publish","type":"post","link":"https:\/\/www.opotager.fr\/index.php\/2018\/09\/03\/4-bonnes-raisons-de-faire-pousser-un-potager-cooperatif-a-la-rentree\/","title":{"rendered":"4 bonnes raisons de faire pousser un \u00ab\u00a0potager coop\u00e9ratif\u00a0\u00bb \u00e0 la rentr\u00e9e\u2026"},"content":{"rendered":"<p>Entre les objectifs commerciaux de fin d\u2019ann\u00e9e, le budget 2019, la veille concurrentielle, la campagne de recrutement, les nouveaux plannings, les reportings et les bonnes r\u00e9solutions de rentr\u00e9e : faire du sport, manger \u00e9quilibr\u00e9, prendre du recul, \u00eatre bienveillant avec soi et les autres, passer plus de temps avec ses proches, reprendre l\u2019anglais\u2026<\/p>\n<p>Hum\u2026 faire pousser un \u00abpotager coop\u00e9ratif\u00a0\u00bb \u00e0 la rentr\u00e9e\u2026 est-ce le bon moment ?<\/p>\n<p>A travers ce top 4, regardons de plus pr\u00e8s pourquoi, c\u2019est une bonne id\u00e9e, <strong>et une bonne id\u00e9e, d\u00e8s maintenant<\/strong> !<\/p>\n<p>&nbsp;<\/p>\n<p><strong>1- S\u2019adapter aux contraintes de votre activit\u00e9 en lissant le projet<\/strong><\/p>\n<p>La p\u00e9riode de la rentr\u00e9e voit s\u2019approcher la fin de l\u2019ann\u00e9e \u00e0 grand pas\u2026 mais il reste encore 4 mois\u2026 et 4 mois cela permet de lisser consid\u00e9rablement l\u2019investissement (temps et financier) n\u00e9cessaire \u00e0 la co-conception d\u2019un \u00ab\u00a0potager coop\u00e9ratif\u00a0\u00bb. Il est ainsi possible de fixer de mani\u00e8re r\u00e9guli\u00e8re <strong>de courtes plages horaires de travail, qui s&rsquo;adapteront \u00e0 vos contraintes,<\/strong> pour co-cr\u00e9er un projet durable.<\/p>\n<p>&nbsp;<\/p>\n<p><strong>2- Mieux connaitre l\u2019activit\u00e9 de votre environnement social et \u00e9conomique local<\/strong><\/p>\n<p>Comme au sein de votre entreprise, la rentr\u00e9e est synonyme de reprise de l\u2019activit\u00e9 pour les associations et les structures sociales de votre quartier. C\u2019est donc <strong>le moment id\u00e9al<\/strong> pour encore mieux connaitre l\u2019activit\u00e9 votre territoire et r\u00e9fl\u00e9chir d\u00e8s maintenant aux diff\u00e9rentes fa\u00e7ons <strong>de d\u00e9velopper des \u00e9changes sociaux et \u00e9conomiques locaux<\/strong>.<\/p>\n<p>&nbsp;<\/p>\n<p><strong>3- Le rapport RSE 2017 publi\u00e9, on s\u2019attaque aux indicateurs 2018<\/strong><\/p>\n<p>Vous avez publi\u00e9 votre rapport RSE 2017 et vous avez identifi\u00e9 vos points forts et vos axes d\u2019am\u00e9lioration sur vos diff\u00e9rents indicateurs : Emploi ?<strong> Performance ?<\/strong> Efficacit\u00e9 collective ? Utilisation durable des ressources ? Protection de la biodiversit\u00e9 ? Engagements soci\u00e9taux en faveur du d\u00e9veloppement durable ? <strong>Impact territorial, \u00e9conomique et social de l&rsquo;activit\u00e9 de votre soci\u00e9t\u00e9 ?<\/strong> Gr\u00e2ce au \u00ab\u00a0potager coop\u00e9ratif\u00a0\u00bb vous accompagnez de fa\u00e7on innovante et durable votre strat\u00e9gie RSE.<\/p>\n<p>&nbsp;<\/p>\n<p><strong>4- Engagement interne et d\u00e9veloppement de votre marque employeur<\/strong><\/p>\n<p>La part des salari\u00e9s \u00ab\u00a0tr\u00e8s engag\u00e9s dans leur travail\u00a0\u00bb est pass\u00e9e de 42\u00a0% en 2009 \u00e0 28\u00a0% en 2017, selon l\u2019\u00e9tude annuelle \u00ab\u00a0Sant\u00e9 et bien-\u00eatre des salari\u00e9s\u00a0\u00bb de Malakoff M\u00e9d\u00e9ric.\u00a0\u00bb Il est temps de faire mentir les \u00e9tudes !<span class=\"Apple-converted-space\">\u00a0<\/span><\/p>\n<p>Le \u00ab\u00a0potager coop\u00e9ratif\u00a0\u00bb permet :<span class=\"Apple-converted-space\">\u00a0<\/span><\/p>\n<ul>\n<li>de contribuer au <strong>bien-\u00eatre des collaborateurs<\/strong>, \u00e0 leur envie de travailler ensemble,<span class=\"Apple-converted-space\">\u00a0<\/span><\/li>\n<li>de faire rayonner votre <strong>marque employeur<\/strong> gr\u00e2ce \u00e0 projet qui f\u00e9d\u00e8re, favorise les rencontres, le partage,<\/li>\n<li>de sensibiliser \u00e0 la protection de <strong>l\u2019environnement et la biodiversit\u00e9<\/strong><\/li>\n<\/ul>\n<p>&nbsp;<\/p>\n<p><strong>Alors ? Si on semait, ensemble, d\u00e8s la rentr\u00e9e, un projet de \u00ab\u00a0potager coop\u00e9ratif\u00a0\u00bb ????<\/strong><\/p>\n","protected":false},"excerpt":{"rendered":"<p>Entre les objectifs commerciaux de fin d\u2019ann\u00e9e, le budget 2019, la veille concurrentielle, la campagne de recrutement, les nouveaux plannings, les reportings et les bonnes r\u00e9solutions de rentr\u00e9e : faire du sport, manger \u00e9quilibr\u00e9, prendre du recul, \u00eatre bienveillant avec soi et les autres, passer&#8230;<\/p>\n","protected":false},"author":1,"featured_media":348883,"comment_status":"open","ping_status":"open","sticky":false,"template":"","format":"standard","meta":{"jetpack_post_was_ever_published":false,"_jetpack_newsletter_access":"","_jetpack_dont_email_post_to_subs":false,"_jetpack_newsletter_tier_id":0,"_jetpack_memberships_contains_paywalled_content":false,"_jetpack_memberships_contains_paid_content":false,"footnotes":"","jetpack_publicize_message":"","jetpack_publicize_feature_enabled":true,"jetpack_social_post_already_shared":true,"jetpack_social_options":{"image_generator_settings":{"template":"highway","default_image_id":0,"font":"","enabled":false},"version":2}},"categories":[234],"tags":[244,245,238,241,243,237,236,239,242,246,240],"class_list":["post-348882","post","type-post","status-publish","format-standard","has-post-thumbnail","hentry","category-projets-et-experimentations","tag-biodiversite","tag-developpement-durable","tag-echanges","tag-efficacite-collective","tag-environnement","tag-lien-economique","tag-lien-social","tag-partage","tag-potager-cooperatif","tag-qualite-de-vie-au-travail","tag-rse"],"jetpack_publicize_connections":[],"jetpack_featured_media_url":"https:\/\/www.opotager.fr\/wp-content\/uploads\/2018\/09\/Rentr\u00e9e-2018.png","jetpack_sharing_enabled":true,"jetpack_shortlink":"https:\/\/wp.me\/pa0zvS-1sL8","jetpack_likes_enabled":true,"_links":{"self":[{"href":"https:\/\/www.opotager.fr\/index.php\/wp-json\/wp\/v2\/posts\/348882","targetHints":{"allow":["GET"]}}],"collection":[{"href":"https:\/\/www.opotager.fr\/index.php\/wp-json\/wp\/v2\/posts"}],"about":[{"href":"https:\/\/www.opotager.fr\/index.php\/wp-json\/wp\/v2\/types\/post"}],"author":[{"embeddable":true,"href":"https:\/\/www.opotager.fr\/index.php\/wp-json\/wp\/v2\/users\/1"}],"replies":[{"embeddable":true,"href":"https:\/\/www.opotager.fr\/index.php\/wp-json\/wp\/v2\/comments?post=348882"}],"version-history":[{"count":5,"href":"https:\/\/www.opotager.fr\/index.php\/wp-json\/wp\/v2\/posts\/348882\/revisions"}],"predecessor-version":[{"id":348888,"href":"https:\/\/www.opotager.fr\/index.php\/wp-json\/wp\/v2\/posts\/348882\/revisions\/348888"}],"wp:featuredmedia":[{"embeddable":true,"href":"https:\/\/www.opotager.fr\/index.php\/wp-json\/wp\/v2\/media\/348883"}],"wp:attachment":[{"href":"https:\/\/www.opotager.fr\/index.php\/wp-json\/wp\/v2\/media?parent=348882"}],"wp:term":[{"taxonomy":"category","embeddable":true,"href":"https:\/\/www.opotager.fr\/index.php\/wp-json\/wp\/v2\/categories?post=348882"},{"taxonomy":"post_tag","embeddable":true,"href":"https:\/\/www.opotager.fr\/index.php\/wp-json\/wp\/v2\/tags?post=348882"}],"curies":[{"name":"wp","href":"https:\/\/api.w.org\/{rel}","templated":true}]}}