{"id":349436,"date":"2022-02-11T15:29:08","date_gmt":"2022-02-11T14:29:08","guid":{"rendered":"http:\/\/www.opotager.fr\/?p=349436"},"modified":"2022-02-11T15:29:09","modified_gmt":"2022-02-11T14:29:09","slug":"malgre-le-froid-comment-bien-preparer-le-printemps-de-nos-potagers-cooperatifs","status":"publish","type":"post","link":"https:\/\/www.opotager.fr\/index.php\/2022\/02\/11\/malgre-le-froid-comment-bien-preparer-le-printemps-de-nos-potagers-cooperatifs\/","title":{"rendered":"Malgr\u00e9 le froid, comment bien pr\u00e9parer le printemps de nos potagers coop\u00e9ratifs"},"content":{"rendered":"<p>\u00a0<\/p>\n<p>Oui, il fait froid et on a souvent l&rsquo;impression qu&rsquo;il fait nuit toute la journ\u00e9e (quoique les jours commencent \u00e0 rallonger \ud83e\udd17 et parfois le soleil est au RDV)&#8230;<\/p>\n<p><span style=\"color: #008000;\"><strong>ET OUI c&rsquo;est l&rsquo;hiver,<\/strong> <\/span>mais ce n&rsquo;est pas une raison pour rester sous la couette \u00e0 encha\u00eener les visios avec des litres de chocolat chaud&#8230; Enfin si, on peut faire \u00e7a, mais pas que !<\/p>\n<p>D\u00e9j\u00e0 on remplace quelques litres de chocolats chaud par des infusions de plantes qui vont nous aider \u00e0 lutter contre les petits bobos de l&rsquo;hiver (thym, mauve, origan, verveine, menthe, citron&#8230;).<\/p>\n<h4><strong><span style=\"color: #008000;\">Ensuite on prend conscience que l&rsquo;hiver, c&rsquo;est bon pour le potager et pour notre sant\u00e9 !<\/span><\/strong><\/h4>\n<p><span style=\"color: #ffffff;\">d<\/span><\/p>\n<h3>Quelques bienfaits du froid de l&rsquo;hiver&#8230;<\/h3>\n<p><span style=\"color: #ffffff;\">d<\/span><\/p>\n<ul>\n<li><span style=\"color: #008000;\"><strong>Au jardin,<\/strong><\/span> le froid met la nature au repos, mais permet aussi de lever la dormance de certaine graines et plantes : la \u00ab\u00a0vernalisation\u00a0\u00bb, c\u2019est le \u00a0besoin de froid de certaines plantes pour pouvoir croitre, fleurir. Par ailleurs le froid a aussi un impact positif sur la r\u00e9gulation de la reproduction des nuisibles (limaces, escargots, pucerons&#8230;), et l\u00e0 on dit \u00ab\u00a0BANCO\u00a0\u00bb !<\/li>\n<li><span style=\"color: #008000;\"><strong>Cot\u00e9 sant\u00e9 et bien-\u00eatr<span style=\"color: #008000;\">e<\/span><\/strong><strong>,<\/strong><\/span> le froid am\u00e9liorerait notre circulation sanguine, faciliterait l&rsquo;endormissement et contre toute attente, nous rapprocherait des gens que l&rsquo;on \u2764\ufe0f&#8230;<\/li>\n<\/ul>\n<p><span style=\"color: #ffffff;\">f<\/span><\/p>\n<h4><strong><span style=\"color: #008000;\">Bon maintenant que l&rsquo;on est reboost\u00e9 face au froid hivernal, il est temps de pr\u00e9parer le nouveau printemps de nos potagers, alors a<\/span><span style=\"color: #008000;\">llez hop au boulot !<\/span><\/strong><\/h4>\n<p><span style=\"color: #ffffff;\">d<\/span><\/p>\n<h3>1- On pr\u00e9pare les coulisses de nos potagers<\/h3>\n<p><span style=\"color: #ffffff;\">d<\/span><\/p>\n<p>En utilisant un peu de temps de <span style=\"color: #008000;\"><strong>\u00ab\u00a0Visio-Couette-Chocolat-Tisane\u00a0\u00bb<\/strong><\/span> (cf un peu plus haut), on se met sur l&rsquo;organisation g\u00e9n\u00e9rale :<\/p>\n<ul>\n<li>Tout d&rsquo;abord <span style=\"color: #008000;\"><strong>on fait le point<\/strong><\/span> sur ce qui a fonctionn\u00e9 et ce qui a moins fonctionn\u00e9 l&rsquo;ann\u00e9e derni\u00e8re. On r\u00e9fl\u00e9chit \u00e0 ce que l&rsquo;on a envie de refaire (ou pas) cette ann\u00e9e et pour \u00e7a, rien de mieux <a href=\"http:\/\/www.opotager.fr\/index.php\/2018\/06\/26\/opotager-bientot-a-la-terrasse-des-canaux-2\/\">qu&rsquo;une carte mentale avec un exemple par ici.<\/a><\/li>\n<li>Ensuite on fait <span style=\"color: #008000;\"><strong>un plan de son potager,<\/strong> <\/span>\u00e0 la main, si on aime dessiner, ou \u00e0 l&rsquo;aide d&rsquo;outils informatiques (exemples :\u00a0<a href=\"https:\/\/www.permapotes.com\/fr\/\">Permapotes<\/a>\u00a0ou encore <a href=\"https:\/\/dessinerjardin.fr\">DessinerJardin<\/a>)<\/li>\n<\/ul>\n<p><img loading=\"lazy\" decoding=\"async\" class=\"size-medium wp-image-349438 aligncenter\" src=\"http:\/\/www.opotager.fr\/wp-content\/uploads\/2022\/02\/IMG_20220128_180224-300x164.jpg\" alt=\"ex de plan\" width=\"300\" height=\"164\" srcset=\"https:\/\/www.opotager.fr\/wp-content\/uploads\/2022\/02\/IMG_20220128_180224-300x164.jpg 300w, https:\/\/www.opotager.fr\/wp-content\/uploads\/2022\/02\/IMG_20220128_180224-1024x561.jpg 1024w, https:\/\/www.opotager.fr\/wp-content\/uploads\/2022\/02\/IMG_20220128_180224-768x421.jpg 768w, https:\/\/www.opotager.fr\/wp-content\/uploads\/2022\/02\/IMG_20220128_180224-1536x841.jpg 1536w, https:\/\/www.opotager.fr\/wp-content\/uploads\/2022\/02\/IMG_20220128_180224-2048x1122.jpg 2048w, https:\/\/www.opotager.fr\/wp-content\/uploads\/2022\/02\/IMG_20220128_180224-700x383.jpg 700w\" sizes=\"auto, (max-width: 300px) 100vw, 300px\" \/><\/p>\n<ul>\n<li>On fait le tri dans <span style=\"color: #008000;\"><strong>ses graines<\/strong><\/span> et on passe commande de graines bios et reproductibles pour avoir la chance de pouvoir r\u00e9cup\u00e9rer et donner ses propres semences \u00e0 la fin de la saison. On privil\u00e9gie bien sur les vari\u00e9t\u00e9s adapt\u00e9es \u00e0 notre climat.<\/li>\n<li>On <span style=\"color: #008000;\"><strong>planifie<\/strong><\/span> sur un calendrier les p\u00e9riodes de semis, de plantations et ses travaux au jardins sur l&rsquo;ann\u00e9e.<\/li>\n<\/ul>\n<p><span style=\"color: #ffffff;\">f<\/span><\/p>\n<h4><strong><span style=\"color: #008000;\">A ce stade il est possible de ressentir un l\u00e9ger ras le bol de l&rsquo;ordi&#8230;<\/span><\/strong><\/h4>\n<h4><strong><span style=\"color: #008000;\">Parfait ! On peut donc attaquer le bricolage !<\/span><\/strong><\/h4>\n<p><span style=\"color: #ffffff;\">d<\/span><\/p>\n<h3>2- On nettoie, on r\u00e9pare, on installe&#8230;<span style=\"color: #ffffff;\">d<\/span><\/h3>\n<p><span style=\"color: #ffffff;\">f<\/span><\/p>\n<p>Pour \u00eatre pr\u00eat \u00e0 tout faire pousser au printemps, c&rsquo;est le moment de s&rsquo;assurer que l&rsquo;on est bien \u00e9quip\u00e9.<\/p>\n<ul>\n<li>les <span style=\"color: #008000;\"><strong>outils<\/strong><\/span> ont g\u00e9n\u00e9ralement \u00a0besoin de soins en cette p\u00e9riode de l&rsquo;ann\u00e9e. Avec du savon noir, de la p\u00e2te verte, une paille de fer, du vinaigre blanc, de l&rsquo;huile et une pierre \u00e0 aiguiser, on se sort de toutes les situations !<\/li>\n<\/ul>\n<p><img loading=\"lazy\" decoding=\"async\" class=\"size-medium wp-image-349440 aligncenter\" src=\"http:\/\/www.opotager.fr\/wp-content\/uploads\/2022\/02\/IMG_20200212_123855-225x300.jpg\" alt=\"\" width=\"225\" height=\"300\" srcset=\"https:\/\/www.opotager.fr\/wp-content\/uploads\/2022\/02\/IMG_20200212_123855-225x300.jpg 225w, https:\/\/www.opotager.fr\/wp-content\/uploads\/2022\/02\/IMG_20200212_123855-768x1024.jpg 768w, https:\/\/www.opotager.fr\/wp-content\/uploads\/2022\/02\/IMG_20200212_123855-1152x1536.jpg 1152w, https:\/\/www.opotager.fr\/wp-content\/uploads\/2022\/02\/IMG_20200212_123855-1536x2048.jpg 1536w, https:\/\/www.opotager.fr\/wp-content\/uploads\/2022\/02\/IMG_20200212_123855-600x800.jpg 600w, https:\/\/www.opotager.fr\/wp-content\/uploads\/2022\/02\/IMG_20200212_123855-700x933.jpg 700w, https:\/\/www.opotager.fr\/wp-content\/uploads\/2022\/02\/IMG_20200212_123855-scaled.jpg 1920w\" sizes=\"auto, (max-width: 225px) 100vw, 225px\" \/><\/p>\n<ul>\n<li>Si on n&rsquo;a pas eu le temps de le faire \u00e0 l&rsquo;automne, il est encore temps de <strong><span style=\"color: #008000;\">nettoyer, de r\u00e9parer et d&rsquo;installer les nichoi<\/span><span style=\"color: #008000;\">r<\/span><span style=\"color: #008000;\">s<\/span><\/strong>. L&rsquo;endroit id\u00e9al ? Un lieu calme, orient\u00e9 Sud \/ Sud Est, \u00e0 une hauteur comprise entre 1,5 m et 3 m et inclin\u00e9s vers le bas pour \u00e9viter les d\u00e9gats des eaux en cas de forte pluie.<\/li>\n<\/ul>\n<p><img loading=\"lazy\" decoding=\"async\" class=\"size-full wp-image-349441 aligncenter\" src=\"http:\/\/www.opotager.fr\/wp-content\/uploads\/2022\/02\/127.jpg\" alt=\"Abri \u00e0 m\u00e9sange\" width=\"175\" height=\"175\" srcset=\"https:\/\/www.opotager.fr\/wp-content\/uploads\/2022\/02\/127.jpg 175w, https:\/\/www.opotager.fr\/wp-content\/uploads\/2022\/02\/127-150x150.jpg 150w\" sizes=\"auto, (max-width: 175px) 100vw, 175px\" \/><\/p>\n<ul>\n<li>C&rsquo;est aussi le moment de r\u00e9parer vos bacs ou encore de cr\u00e9er un chassis pour prot\u00e9ger certains semis du froid.<\/li>\n<\/ul>\n<p><span style=\"color: #ffffff;\">f<\/span><\/p>\n<h4><strong><span style=\"color: #008000;\">Et maintenant que tout est au carr\u00e9 il est possible d&rsquo;avoir ses petites mains vertes qui d\u00e9mangent, alors on s&rsquo;habille chaudement et direction le potager !<\/span><\/strong><\/h4>\n<p><span style=\"color: #ffffff;\">f<\/span><\/p>\n<h3>3- On taille, on bouture, on enrichit, on s\u00e8me et on plante (et oui m\u00eame en hiver !)<\/h3>\n<p><span style=\"color: #ffffff;\">d<\/span><\/p>\n<ul>\n<li>La <span style=\"color: #008000;\"><strong>taille et les boutures<\/strong><\/span> de cassissiers et de groseilliers, c&rsquo;est pile le bon moment. A l&rsquo;automne les boutures qui auront pris feront de jolis cadeaux pour famille, voisins et amis !<\/li>\n<\/ul>\n<p><img loading=\"lazy\" decoding=\"async\" class=\"size-medium wp-image-349443 aligncenter\" src=\"http:\/\/www.opotager.fr\/wp-content\/uploads\/2022\/02\/IMG_20210226_121058-300x225.jpg\" alt=\"\" width=\"300\" height=\"225\" srcset=\"https:\/\/www.opotager.fr\/wp-content\/uploads\/2022\/02\/IMG_20210226_121058-300x225.jpg 300w, https:\/\/www.opotager.fr\/wp-content\/uploads\/2022\/02\/IMG_20210226_121058-1024x768.jpg 1024w, https:\/\/www.opotager.fr\/wp-content\/uploads\/2022\/02\/IMG_20210226_121058-768x576.jpg 768w, https:\/\/www.opotager.fr\/wp-content\/uploads\/2022\/02\/IMG_20210226_121058-1536x1152.jpg 1536w, https:\/\/www.opotager.fr\/wp-content\/uploads\/2022\/02\/IMG_20210226_121058-2048x1536.jpg 2048w, https:\/\/www.opotager.fr\/wp-content\/uploads\/2022\/02\/IMG_20210226_121058-800x600.jpg 800w, https:\/\/www.opotager.fr\/wp-content\/uploads\/2022\/02\/IMG_20210226_121058-700x525.jpg 700w\" sizes=\"auto, (max-width: 300px) 100vw, 300px\" \/><\/p>\n<ul>\n<li>Un <span style=\"color: #008000;\"><strong>sol vivant<\/strong> <\/span>c&rsquo;est que l&rsquo;on veut ! Pour cela on l&rsquo;enrichit avec du compost et\/ou du fumier mur pour le pr\u00e9parer aux futures plantations<\/li>\n<\/ul>\n<p><span style=\"color: #ffffff;\"><img loading=\"lazy\" decoding=\"async\" class=\"size-medium wp-image-349444 aligncenter\" src=\"http:\/\/www.opotager.fr\/wp-content\/uploads\/2022\/02\/IMG_20200908_124420-225x300.jpg\" alt=\"compost\" width=\"225\" height=\"300\" srcset=\"https:\/\/www.opotager.fr\/wp-content\/uploads\/2022\/02\/IMG_20200908_124420-225x300.jpg 225w, https:\/\/www.opotager.fr\/wp-content\/uploads\/2022\/02\/IMG_20200908_124420-768x1024.jpg 768w, https:\/\/www.opotager.fr\/wp-content\/uploads\/2022\/02\/IMG_20200908_124420-1152x1536.jpg 1152w, https:\/\/www.opotager.fr\/wp-content\/uploads\/2022\/02\/IMG_20200908_124420-1536x2048.jpg 1536w, https:\/\/www.opotager.fr\/wp-content\/uploads\/2022\/02\/IMG_20200908_124420-600x800.jpg 600w, https:\/\/www.opotager.fr\/wp-content\/uploads\/2022\/02\/IMG_20200908_124420-700x933.jpg 700w, https:\/\/www.opotager.fr\/wp-content\/uploads\/2022\/02\/IMG_20200908_124420-scaled.jpg 1920w\" sizes=\"auto, (max-width: 225px) 100vw, 225px\" \/><\/span><\/p>\n<ul>\n<li>Alors oui c&rsquo;est l&rsquo;hiver, mais il est quand m\u00eame possible de semer et planter : <span style=\"color: #008000;\"><strong>ail, arbres et arbustes<\/strong><\/span> peuvent \u00eatre plant\u00e9s en cette saison. \u00a0Quand aux <span style=\"color: #008000;\"><strong>f\u00e8ves<\/strong><\/span> et aux <span style=\"color: #008000;\"><strong>pois<\/strong><\/span> ils peuvent \u00e9galement \u00eatre sem\u00e9s en poquet. Pour les <span style=\"color: #008000;\"><strong>carottes, choux de printemps et autres laitues<\/strong>,<\/span> c&rsquo;est possible aussi mais sous abri ou dans le chassis que l&rsquo;on aura fabriqu\u00e9 !<\/li>\n<\/ul>\n<p><span style=\"color: #ffffff;\"><img loading=\"lazy\" decoding=\"async\" class=\"size-medium wp-image-349446 aligncenter\" src=\"http:\/\/www.opotager.fr\/wp-content\/uploads\/2022\/02\/IMG_20211217_120509-225x300.jpg\" alt=\"f\u00e8ves qui bourgeonnent\" width=\"225\" height=\"300\" srcset=\"https:\/\/www.opotager.fr\/wp-content\/uploads\/2022\/02\/IMG_20211217_120509-225x300.jpg 225w, https:\/\/www.opotager.fr\/wp-content\/uploads\/2022\/02\/IMG_20211217_120509-768x1024.jpg 768w, https:\/\/www.opotager.fr\/wp-content\/uploads\/2022\/02\/IMG_20211217_120509-1152x1536.jpg 1152w, https:\/\/www.opotager.fr\/wp-content\/uploads\/2022\/02\/IMG_20211217_120509-1536x2048.jpg 1536w, https:\/\/www.opotager.fr\/wp-content\/uploads\/2022\/02\/IMG_20211217_120509-600x800.jpg 600w, https:\/\/www.opotager.fr\/wp-content\/uploads\/2022\/02\/IMG_20211217_120509-700x933.jpg 700w, https:\/\/www.opotager.fr\/wp-content\/uploads\/2022\/02\/IMG_20211217_120509-scaled.jpg 1920w\" sizes=\"auto, (max-width: 225px) 100vw, 225px\" \/><\/span><\/p>\n<h4><strong><span style=\"color: #008000;\">Voil\u00e0 maintenant que tout est fait (ou presque), on peut retourner se r\u00e9jouir sous la couette, car le printemps n&rsquo;est pas loin !<\/span><\/strong><\/h4>\n<p><img loading=\"lazy\" decoding=\"async\" class=\"size-medium wp-image-349445 aligncenter\" src=\"http:\/\/www.opotager.fr\/wp-content\/uploads\/2022\/02\/IMG_20210226_123341-225x300.jpg\" alt=\"narcisses\" width=\"225\" height=\"300\" srcset=\"https:\/\/www.opotager.fr\/wp-content\/uploads\/2022\/02\/IMG_20210226_123341-225x300.jpg 225w, https:\/\/www.opotager.fr\/wp-content\/uploads\/2022\/02\/IMG_20210226_123341-768x1024.jpg 768w, https:\/\/www.opotager.fr\/wp-content\/uploads\/2022\/02\/IMG_20210226_123341-1152x1536.jpg 1152w, https:\/\/www.opotager.fr\/wp-content\/uploads\/2022\/02\/IMG_20210226_123341-1536x2048.jpg 1536w, https:\/\/www.opotager.fr\/wp-content\/uploads\/2022\/02\/IMG_20210226_123341-600x800.jpg 600w, https:\/\/www.opotager.fr\/wp-content\/uploads\/2022\/02\/IMG_20210226_123341-700x933.jpg 700w, https:\/\/www.opotager.fr\/wp-content\/uploads\/2022\/02\/IMG_20210226_123341-scaled.jpg 1920w\" sizes=\"auto, (max-width: 225px) 100vw, 225px\" \/><\/p>\n<p>\u00a0<\/p>\n<p><b>Envie de s&rsquo;y mettre \u00e0 plusieurs pour mettre en place et \u00a0faire pousser un potager coop\u00e9ratif ? <a href=\"http:\/\/www.opotager.fr\/#contact\">Contactez-nous !<\/a><\/b><\/p>\n<h5>\u2764\ufe0f Et la bonne nouvelle c&rsquo;est que l&rsquo;hiver est la meilleure p\u00e9riode pour y r\u00e9fl\u00e9chir ensemble ! \u2764\ufe0f\u00a0<\/h5>\n<p>\u00a0<\/p>\n\n\n<p><\/p>\n\n\n\n<p><\/p>\n\n\n\n<p><\/p>\n\n\n\n<p><\/p>\n\n\n\n<p><\/p>\n","protected":false},"excerpt":{"rendered":"<p>\u00a0 Oui, il fait froid et on a souvent l&rsquo;impression qu&rsquo;il fait nuit toute la journ\u00e9e (quoique les jours commencent \u00e0 rallonger \ud83e\udd17 et parfois le soleil est au RDV)&#8230; ET OUI c&rsquo;est l&rsquo;hiver, mais ce n&rsquo;est pas une raison pour rester sous la couette&#8230;<\/p>\n","protected":false},"author":1,"featured_media":349437,"comment_status":"open","ping_status":"open","sticky":false,"template":"","format":"standard","meta":{"jetpack_post_was_ever_published":false,"_jetpack_newsletter_access":"","_jetpack_dont_email_post_to_subs":false,"_jetpack_newsletter_tier_id":0,"_jetpack_memberships_contains_paywalled_content":false,"_jetpack_memberships_contains_paid_content":false,"footnotes":"","jetpack_publicize_message":"","jetpack_publicize_feature_enabled":true,"jetpack_social_post_already_shared":true,"jetpack_social_options":{"image_generator_settings":{"template":"highway","default_image_id":0,"font":"","enabled":false},"version":2}},"categories":[235,232,234],"tags":[264,260,244,267,252,263,245,238,241,243,270,236,239,268,242,250,269,240,262],"class_list":["post-349436","post","type-post","status-publish","format-standard","has-post-thumbnail","hentry","category-actualites","category-conseils-actualites-petites-pensees-partagees","category-projets-et-experimentations","tag-agriculture-urbaine","tag-alimentation","tag-biodiversite","tag-co-design","tag-creativite","tag-cultiver","tag-developpement-durable","tag-echanges","tag-efficacite-collective","tag-environnement","tag-ess","tag-lien-social","tag-partage","tag-permaculture","tag-potager-cooperatif","tag-projet","tag-qvt","tag-rse","tag-ville"],"jetpack_publicize_connections":[],"jetpack_featured_media_url":"https:\/\/www.opotager.fr\/wp-content\/uploads\/2022\/02\/Visuel-c-est-l-hiver2.png","jetpack_sharing_enabled":true,"jetpack_shortlink":"https:\/\/wp.me\/pa0zvS-1sU4","jetpack_likes_enabled":true,"_links":{"self":[{"href":"https:\/\/www.opotager.fr\/index.php\/wp-json\/wp\/v2\/posts\/349436","targetHints":{"allow":["GET"]}}],"collection":[{"href":"https:\/\/www.opotager.fr\/index.php\/wp-json\/wp\/v2\/posts"}],"about":[{"href":"https:\/\/www.opotager.fr\/index.php\/wp-json\/wp\/v2\/types\/post"}],"author":[{"embeddable":true,"href":"https:\/\/www.opotager.fr\/index.php\/wp-json\/wp\/v2\/users\/1"}],"replies":[{"embeddable":true,"href":"https:\/\/www.opotager.fr\/index.php\/wp-json\/wp\/v2\/comments?post=349436"}],"version-history":[{"count":17,"href":"https:\/\/www.opotager.fr\/index.php\/wp-json\/wp\/v2\/posts\/349436\/revisions"}],"predecessor-version":[{"id":349461,"href":"https:\/\/www.opotager.fr\/index.php\/wp-json\/wp\/v2\/posts\/349436\/revisions\/349461"}],"wp:featuredmedia":[{"embeddable":true,"href":"https:\/\/www.opotager.fr\/index.php\/wp-json\/wp\/v2\/media\/349437"}],"wp:attachment":[{"href":"https:\/\/www.opotager.fr\/index.php\/wp-json\/wp\/v2\/media?parent=349436"}],"wp:term":[{"taxonomy":"category","embeddable":true,"href":"https:\/\/www.opotager.fr\/index.php\/wp-json\/wp\/v2\/categories?post=349436"},{"taxonomy":"post_tag","embeddable":true,"href":"https:\/\/www.opotager.fr\/index.php\/wp-json\/wp\/v2\/tags?post=349436"}],"curies":[{"name":"wp","href":"https:\/\/api.w.org\/{rel}","templated":true}]}}