{"id":349463,"date":"2022-04-20T16:26:03","date_gmt":"2022-04-20T14:26:03","guid":{"rendered":"http:\/\/www.opotager.fr\/?p=349463"},"modified":"2022-04-20T16:26:04","modified_gmt":"2022-04-20T14:26:04","slug":"pourquoi-faire-pousser-des-potagers-cooperatifs","status":"publish","type":"post","link":"https:\/\/www.opotager.fr\/index.php\/2022\/04\/20\/pourquoi-faire-pousser-des-potagers-cooperatifs\/","title":{"rendered":"Pourquoi faire pousser des potagers coop\u00e9ratifs ???"},"content":{"rendered":"<p>\u00a0<\/p>\n<p><span style=\"color: #008000;\">Bien-\u00eatre, qualit\u00e9 de vie au travail, efficacit\u00e9 collective, D\u00e9veloppement durable&#8230; Mais comment un potager coop\u00e9ratif peut-il cocher toutes les cases ?<\/span><\/p>\n<h4><strong><span style=\"color: #008000;\">Et si on regardait cela de plus pr\u00e8s&#8230;<\/span><\/strong><\/h4>\n<p><span style=\"color: #ffffff;\">d<\/span><\/p>\n<h3>1- Un potager coop\u00e9ratif pour le bien \u00eatre et la qualit\u00e9 de vie au travail<\/h3>\n<p><span style=\"color: #ffffff;\">d<\/span><\/p>\n<ul>\n<li>Selon le biologiste Edward Osborne Wilson, l\u2019int\u00e9gration de la nature dans notre quotidien b\u00e9tonn\u00e9 est <span style=\"color: #008000;\"><strong>indispensable \u00e0 notre bien-\u00eatre physique et \u00e9motionnel<\/strong>.<\/span><\/li>\n<li>L\u2019activit\u00e9 de jardinage <span style=\"color: #008000;\"><strong>diminue le stress et le risque cardio-vasculaire<\/strong><\/span><\/li>\n<li>D&rsquo;une mani\u00e8re g\u00e9n\u00e9rale, les moments de d\u00e9tente augmentent la <span style=\"color: #008000;\"><strong>cr\u00e9ativit\u00e9<\/strong><\/span>. Mais pour aller plus loin, certaines taches de jardinage une fois qu\u2019elles sont assimil\u00e9es (ex le d\u00e9sherbage des carottes&#8230;) permettent au cerveau de les accomplir dans un \u00e9tat proche de la m\u00e9ditation&#8230; On entre dans un \u00e9tat de <span style=\"color: #008000;\"><strong>\u00ab\u00a0Flow\u00a0\u00bb<\/strong><\/span>. Lorsqu\u2019on est en \u00e9tat de flow, le cerveau lib\u00e8re plusieurs hormones (nor\u00e9pin\u00e9phrine, dopamine, anandamide, s\u00e9rotonine et endorphine) qui augmentent notamment notre <span style=\"color: #008000;\"><strong>capacit\u00e9 de r\u00e9tention d\u2019information<\/strong><\/span>, notre <span style=\"color: #008000;\"><strong>vit<\/strong><strong>esse de traitement<\/strong><\/span>, notre <span style=\"color: #008000;\"><strong>motivation<\/strong><\/span> et nos <span style=\"color: #008000;\"><strong>capacit\u00e9s d\u2019adaptation<\/strong><\/span> et de <span style=\"color: #008000;\"><strong>cr\u00e9ativit\u00e9<\/strong> <\/span>!<\/li>\n<li>Jardiner permet de cr\u00e9er <span style=\"color: #008000;\"><strong>des interactions sociales<\/strong><\/span>\u00a0et de <span style=\"color: #ff6600;\"><strong>se r\u00e9galer<\/strong><\/span>\u2764\ufe0f&#8230;<\/li>\n<\/ul>\n<p><span style=\"color: #ffffff;\">f<\/span><\/p>\n<h4><span style=\"color: #ff6600;\"><span style=\"caret-color: #008000;\">Christine : \u00ab\u00a0C\u2019est un temps de partage entre coll\u00e8gues hors de la sph\u00e8re habituelle; de nouvelles connaissances botaniques; un moment d&rsquo;\u00e9vasion, de d\u00e9tente, de convivialit\u00e9 entre coll\u00e8gues\u00a0\u00bb<\/span><\/span><\/h4>\n<p><span style=\"color: #ffffff;\">d<\/span><\/p>\n<h3>2-\u00a0Un potager coop\u00e9ratif pour l&rsquo;efficacit\u00e9 collective<\/h3>\n<p><span style=\"color: #ffffff;\">d<\/span><\/p>\n<ul>\n<li>Il <span style=\"color: #008000;\"><strong>facilite les relations de travail<\/strong><\/span> et permet d&rsquo;\u00e9largir son r\u00e9seau professionnel,<\/li>\n<li>Il casse les silos et <span style=\"color: #008000;\"><strong>aplanit les liens hi\u00e9rarchiques<\/strong> <\/span>: on apprend \u00e0 se connaitre, pas de hi\u00e9rarchie au jardin, on \u00e9change sur ses fa\u00e7ons de faire, on partage des recettes\u2026 c\u2019est plus facile de travailler ensemble ensuite<\/li>\n<li>Une \u00e9tude r\u00e9alis\u00e9e en 2011 \u00e0 l&rsquo;universit\u00e9 de l&rsquo;Oregon a d\u00e9montr\u00e9 qu&rsquo;un environnement de travail connect\u00e9 \u00e0 la nature <span style=\"color: #008000;\"><strong>am\u00e9liore la performance des salari\u00e9\u00b7e\u00b7s<\/strong><\/span> et entra\u00eene une <span style=\"color: #008000;\"><strong>r<\/strong><\/span><b><span style=\"color: #008000;\">\u00e9duction de l&rsquo;absent\u00e9isme qui peut aller jusqu&rsquo;\u00e0 10%<\/span><\/b><span style=\"color: #008000;\">.<\/span><\/li>\n<\/ul>\n<p><span style=\"color: #ffffff;\">f<\/span><\/p>\n<h4><span style=\"color: #ff6600;\">Pierre :\u00a0\u00ab\u00a0Cela me permet de rencontrer de nouveaux coll\u00e8gues, dans un contexte d\u00e9contract\u00e9, chaleureux et convivial avec des \u00e9changes professionnels hors du cadre\u00a0\u00bb\u00a0!<\/span><\/h4>\n<p><span style=\"color: #ffffff;\">d<\/span><\/p>\n<h3>3- Un potager coop\u00e9ratif, pour un impact environnemental positif et le respect de nos engagement RSE&#8230;<span style=\"color: #ffffff;\">d<\/span><\/h3>\n<p><span style=\"color: #ffffff;\">f<\/span><\/p>\n<ul>\n<li>Il a une action positive sur la <span style=\"color: #008000;\"><strong>biodiversit\u00e9 et l\u2019environnement<\/strong> <\/span>(plantation d\u2019un grand nombre de vari\u00e9t\u00e9s sur un petit espace r\u00e9duction d\u00e9chet, gite et couvert pour la faune locale, diminution de l\u2019effet ilot de chaleur urbain, am\u00e9lioration des continuit\u00e9s \u00e9cologiques\u2026)<\/li>\n<li>Il contribue au d\u00e9veloppement de l&rsquo;<span style=\"color: #008000;\"><strong>\u00e9conomie locale<\/strong><\/span> (utilisation de produits et de plants locaux et pr\u00e9sence d\u2019intervenants locaux pour les \u00e9v\u00e8nements)<\/li>\n<li>Il apporte de <span style=\"color: #008000;\"><strong>nouvelles connaissances<\/strong><\/span> aux collaborateurs (sur la sant\u00e9 avec des techniques de production d&rsquo;alimentation durables, sur l&rsquo;accueil de biodiversit\u00e9&#8230;),<\/li>\n<li>Il am\u00e9liore la <span style=\"color: #008000;\"><strong>marque employeur<\/strong><\/span> : interrog\u00e9s \u00e0 l&rsquo;automne 2018 sur leur futur cadre de travail, 83% des \u00e9tudiants de l\u2019ESSEC jugaient importante la v\u00e9g\u00e9talisation des bureaux et 27% la consid\u00e8raient comme un crit\u00e8re d\u00e9terminant dans le choix de leur futur employeur !<\/li>\n<\/ul>\n<p><span style=\"color: #ffffff;\">f<\/span><\/p>\n<h4><span style=\"color: #ff6600;\">Alain : \u00ab\u00a0C\u2019est ma pause d\u00e9tente au milieu d&rsquo;une journ\u00e9e de travail, un rendez-vous avec des jardiniers en herbe avec lesquels on \u00e9change des exp\u00e9riences, des trucs et astuces \u00bb.<\/span><\/h4>\n<h4><span style=\"color: #ffffff;\">vvvv<\/span><\/h4>\n<p>\u00a0<\/p>\n<h4><span style=\"color: #008000;\"><strong>Bref le\u00a0<span style=\"caret-color: #008000;\">potager<\/span>\u00a0coop\u00e9ratif a\u00a0d\u00e9cid\u00e9ment tout bon&#8230; et ce ne sont quelques exemples !<\/strong><\/span><\/h4>\n<p>\u00a0<\/p>\n<p><b>Envie d&rsquo;en savoir plus et de s&rsquo;y mettre \u00e0 plusieurs pour \u00a0faire pousser un potager coop\u00e9ratif ? <a href=\"http:\/\/www.opotager.fr\/#contact\">Contactez-nous !<\/a><\/b><\/p>\n<h5>\u00a0<\/h5>\n<p>\u00a0<\/p>\n\n\n<p><\/p>\n\n\n\n<p><\/p>\n\n\n\n<p><\/p>\n\n\n\n<p><\/p>\n\n\n\n<p><\/p>\n","protected":false},"excerpt":{"rendered":"<p>\u00a0 Bien-\u00eatre, qualit\u00e9 de vie au travail, efficacit\u00e9 collective, D\u00e9veloppement durable&#8230; Mais comment un potager coop\u00e9ratif peut-il cocher toutes les cases ? Et si on regardait cela de plus pr\u00e8s&#8230; d 1- Un potager coop\u00e9ratif pour le bien \u00eatre et la qualit\u00e9 de vie au&#8230;<\/p>\n","protected":false},"author":1,"featured_media":349464,"comment_status":"open","ping_status":"open","sticky":false,"template":"","format":"standard","meta":{"jetpack_post_was_ever_published":false,"_jetpack_newsletter_access":"","_jetpack_dont_email_post_to_subs":false,"_jetpack_newsletter_tier_id":0,"_jetpack_memberships_contains_paywalled_content":false,"_jetpack_memberships_contains_paid_content":false,"footnotes":"","jetpack_publicize_message":"","jetpack_publicize_feature_enabled":true,"jetpack_social_post_already_shared":true,"jetpack_social_options":{"image_generator_settings":{"template":"highway","default_image_id":0,"font":"","enabled":false},"version":2}},"categories":[235,232,234],"tags":[264,260,244,267,252,263,245,238,241,243,270,236,239,268,242,250,269,240,262],"class_list":["post-349463","post","type-post","status-publish","format-standard","has-post-thumbnail","hentry","category-actualites","category-conseils-actualites-petites-pensees-partagees","category-projets-et-experimentations","tag-agriculture-urbaine","tag-alimentation","tag-biodiversite","tag-co-design","tag-creativite","tag-cultiver","tag-developpement-durable","tag-echanges","tag-efficacite-collective","tag-environnement","tag-ess","tag-lien-social","tag-partage","tag-permaculture","tag-potager-cooperatif","tag-projet","tag-qvt","tag-rse","tag-ville"],"jetpack_publicize_connections":[],"jetpack_featured_media_url":"https:\/\/www.opotager.fr\/wp-content\/uploads\/2022\/04\/Visuel-site.png","jetpack_sharing_enabled":true,"jetpack_shortlink":"https:\/\/wp.me\/pa0zvS-1sUv","jetpack_likes_enabled":true,"_links":{"self":[{"href":"https:\/\/www.opotager.fr\/index.php\/wp-json\/wp\/v2\/posts\/349463","targetHints":{"allow":["GET"]}}],"collection":[{"href":"https:\/\/www.opotager.fr\/index.php\/wp-json\/wp\/v2\/posts"}],"about":[{"href":"https:\/\/www.opotager.fr\/index.php\/wp-json\/wp\/v2\/types\/post"}],"author":[{"embeddable":true,"href":"https:\/\/www.opotager.fr\/index.php\/wp-json\/wp\/v2\/users\/1"}],"replies":[{"embeddable":true,"href":"https:\/\/www.opotager.fr\/index.php\/wp-json\/wp\/v2\/comments?post=349463"}],"version-history":[{"count":8,"href":"https:\/\/www.opotager.fr\/index.php\/wp-json\/wp\/v2\/posts\/349463\/revisions"}],"predecessor-version":[{"id":349472,"href":"https:\/\/www.opotager.fr\/index.php\/wp-json\/wp\/v2\/posts\/349463\/revisions\/349472"}],"wp:featuredmedia":[{"embeddable":true,"href":"https:\/\/www.opotager.fr\/index.php\/wp-json\/wp\/v2\/media\/349464"}],"wp:attachment":[{"href":"https:\/\/www.opotager.fr\/index.php\/wp-json\/wp\/v2\/media?parent=349463"}],"wp:term":[{"taxonomy":"category","embeddable":true,"href":"https:\/\/www.opotager.fr\/index.php\/wp-json\/wp\/v2\/categories?post=349463"},{"taxonomy":"post_tag","embeddable":true,"href":"https:\/\/www.opotager.fr\/index.php\/wp-json\/wp\/v2\/tags?post=349463"}],"curies":[{"name":"wp","href":"https:\/\/api.w.org\/{rel}","templated":true}]}}